{"@context":"https:\/\/schema.org\/","@type":"CollectionPage","@id":"https:\/\/www.deamadre.cz\/business\/#CollectionPage","headline":"Business Category","description":"","url":"https:\/\/www.deamadre.cz\/business\/","hasPart":[{"@type":"Article","@id":"https:\/\/www.deamadre.cz\/pro-milovniky-vina\/","headline":"Pro milovn\u00edky v\u00edna","url":"https:\/\/www.deamadre.cz\/pro-milovniky-vina\/","datePublished":"2025-08-15","dateModified":"2025-08-15","mainEntityOfPage":"https:\/\/www.deamadre.cz\/pro-milovniky-vina\/","author":{"@type":"Person","@id":"https:\/\/www.deamadre.cz\/author\/#Person","name":"deamadre.cz\n","url":"https:\/\/www.deamadre.cz\/author\/","identifier":1,"image":{"@type":"ImageObject","@id":"https:\/\/secure.gravatar.com\/avatar\/69bd9b72104e3ccfb6214cbd23cb226f96c6ecf33a2a351fa1d4682235118df3?s=96&d=mm&r=g","url":"https:\/\/secure.gravatar.com\/avatar\/69bd9b72104e3ccfb6214cbd23cb226f96c6ecf33a2a351fa1d4682235118df3?s=96&d=mm&r=g","height":96,"width":96}},"publisher":{"@type":"Organization","name":"deamadre.cz","logo":{"@type":"ImageObject","@id":"\/logo.png","url":"\/logo.png","width":600,"height":60}},"image":{"@type":"ImageObject","@id":"https:\/\/www.deamadre.cz\/wp-content\/uploads\/glass-3077869_640_10_1.jpg","url":"https:\/\/www.deamadre.cz\/wp-content\/uploads\/glass-3077869_640_10_1.jpg","height":0,"width":0},"keywords":null},{"@type":"Article","@id":"https:\/\/www.deamadre.cz\/sport-a-prace-dokonala-symbioza\/","headline":"Sport a pr\u00e1ce: dokonal\u00e1 symbi\u00f3za","url":"https:\/\/www.deamadre.cz\/sport-a-prace-dokonala-symbioza\/","datePublished":"2025-03-05","dateModified":"2023-04-29","mainEntityOfPage":"https:\/\/www.deamadre.cz\/sport-a-prace-dokonala-symbioza\/","author":{"@type":"Person","@id":"https:\/\/www.deamadre.cz\/author\/#Person","name":"deamadre.cz\n","url":"https:\/\/www.deamadre.cz\/author\/","identifier":1,"image":{"@type":"ImageObject","@id":"https:\/\/secure.gravatar.com\/avatar\/69bd9b72104e3ccfb6214cbd23cb226f96c6ecf33a2a351fa1d4682235118df3?s=96&d=mm&r=g","url":"https:\/\/secure.gravatar.com\/avatar\/69bd9b72104e3ccfb6214cbd23cb226f96c6ecf33a2a351fa1d4682235118df3?s=96&d=mm&r=g","height":96,"width":96}},"publisher":{"@type":"Organization","name":"deamadre.cz","logo":{"@type":"ImageObject","@id":"\/logo.png","url":"\/logo.png","width":600,"height":60}},"image":{"@type":"ImageObject","@id":"https:\/\/www.deamadre.cz\/wp-content\/uploads\/img_a318701_w2330_t1529570960.jpg","url":"https:\/\/www.deamadre.cz\/wp-content\/uploads\/img_a318701_w2330_t1529570960.jpg","height":0,"width":0},"keywords":null},{"@type":"Article","@id":"https:\/\/www.deamadre.cz\/proc-nezatracovat-urad-prace\/","headline":"Pro\u010d nezatracovat \u00fa\u0159ad pr\u00e1ce","url":"https:\/\/www.deamadre.cz\/proc-nezatracovat-urad-prace\/","datePublished":"2025-03-05","dateModified":"2023-04-29","mainEntityOfPage":"https:\/\/www.deamadre.cz\/proc-nezatracovat-urad-prace\/","author":{"@type":"Person","@id":"https:\/\/www.deamadre.cz\/author\/#Person","name":"deamadre.cz\n","url":"https:\/\/www.deamadre.cz\/author\/","identifier":1,"image":{"@type":"ImageObject","@id":"https:\/\/secure.gravatar.com\/avatar\/69bd9b72104e3ccfb6214cbd23cb226f96c6ecf33a2a351fa1d4682235118df3?s=96&d=mm&r=g","url":"https:\/\/secure.gravatar.com\/avatar\/69bd9b72104e3ccfb6214cbd23cb226f96c6ecf33a2a351fa1d4682235118df3?s=96&d=mm&r=g","height":96,"width":96}},"publisher":{"@type":"Organization","name":"deamadre.cz","logo":{"@type":"ImageObject","@id":"\/logo.png","url":"\/logo.png","width":600,"height":60}},"image":{"@type":"ImageObject","@id":"https:\/\/www.deamadre.cz\/wp-content\/uploads\/img_a310819_w2330_t1521795771.jpg","url":"https:\/\/www.deamadre.cz\/wp-content\/uploads\/img_a310819_w2330_t1521795771.jpg","height":0,"width":0},"keywords":null},{"@type":"Article","@id":"https:\/\/www.deamadre.cz\/caje-pro-uklidneni-podrazdeneho-zaludku\/","headline":"\u010caje pro uklidn\u011bn\u00ed podr\u00e1\u017ed\u011bn\u00e9ho \u017ealudku","url":"https:\/\/www.deamadre.cz\/caje-pro-uklidneni-podrazdeneho-zaludku\/","datePublished":"2024-03-16","dateModified":"2024-06-17","mainEntityOfPage":"https:\/\/www.deamadre.cz\/caje-pro-uklidneni-podrazdeneho-zaludku\/","author":{"@type":"Person","@id":"https:\/\/www.deamadre.cz\/author\/#Person","name":"deamadre.cz\n","url":"https:\/\/www.deamadre.cz\/author\/","identifier":1,"image":{"@type":"ImageObject","@id":"https:\/\/secure.gravatar.com\/avatar\/69bd9b72104e3ccfb6214cbd23cb226f96c6ecf33a2a351fa1d4682235118df3?s=96&d=mm&r=g","url":"https:\/\/secure.gravatar.com\/avatar\/69bd9b72104e3ccfb6214cbd23cb226f96c6ecf33a2a351fa1d4682235118df3?s=96&d=mm&r=g","height":96,"width":96}},"publisher":{"@type":"Organization","name":"deamadre.cz","logo":{"@type":"ImageObject","@id":"\/logo.png","url":"\/logo.png","width":600,"height":60}},"image":{"@type":"ImageObject","@id":"https:\/\/www.deamadre.cz\/wp-content\/uploads\/lawrence-aritao-lrlZBwOBxR4-unsplash.jpg","url":"https:\/\/www.deamadre.cz\/wp-content\/uploads\/lawrence-aritao-lrlZBwOBxR4-unsplash.jpg","height":0,"width":0},"keywords":null},{"@type":"Article","@id":"https:\/\/www.deamadre.cz\/podrzi-vam-dekolt\/","headline":"Podr\u017e\u00ed v\u00e1m dekolt","url":"https:\/\/www.deamadre.cz\/podrzi-vam-dekolt\/","datePublished":"2024-02-19","dateModified":"2024-02-19","mainEntityOfPage":"https:\/\/www.deamadre.cz\/podrzi-vam-dekolt\/","author":{"@type":"Person","@id":"https:\/\/www.deamadre.cz\/author\/#Person","name":"deamadre.cz\n","url":"https:\/\/www.deamadre.cz\/author\/","identifier":1,"image":{"@type":"ImageObject","@id":"https:\/\/secure.gravatar.com\/avatar\/69bd9b72104e3ccfb6214cbd23cb226f96c6ecf33a2a351fa1d4682235118df3?s=96&d=mm&r=g","url":"https:\/\/secure.gravatar.com\/avatar\/69bd9b72104e3ccfb6214cbd23cb226f96c6ecf33a2a351fa1d4682235118df3?s=96&d=mm&r=g","height":96,"width":96}},"publisher":{"@type":"Organization","name":"deamadre.cz","logo":{"@type":"ImageObject","@id":"\/logo.png","url":"\/logo.png","width":600,"height":60}},"image":{"@type":"ImageObject","@id":"https:\/\/www.deamadre.cz\/wp-content\/uploads\/bra-3873760_640_10_10_5.jpg","url":"https:\/\/www.deamadre.cz\/wp-content\/uploads\/bra-3873760_640_10_10_5.jpg","height":0,"width":0},"keywords":null},{"@type":"Article","@id":"https:\/\/www.deamadre.cz\/v-plastove-obalce-budou-vase-dokumenty-v-bezpeci\/","headline":"V plastov\u00e9 ob\u00e1lce budou va\u0161e dokumenty v bezpe\u010d\u00ed","url":"https:\/\/www.deamadre.cz\/v-plastove-obalce-budou-vase-dokumenty-v-bezpeci\/","datePublished":"2023-09-30","dateModified":"2023-09-30","mainEntityOfPage":"https:\/\/www.deamadre.cz\/v-plastove-obalce-budou-vase-dokumenty-v-bezpeci\/","author":{"@type":"Person","@id":"https:\/\/www.deamadre.cz\/author\/#Person","name":"deamadre.cz\n","url":"https:\/\/www.deamadre.cz\/author\/","identifier":1,"image":{"@type":"ImageObject","@id":"https:\/\/secure.gravatar.com\/avatar\/69bd9b72104e3ccfb6214cbd23cb226f96c6ecf33a2a351fa1d4682235118df3?s=96&d=mm&r=g","url":"https:\/\/secure.gravatar.com\/avatar\/69bd9b72104e3ccfb6214cbd23cb226f96c6ecf33a2a351fa1d4682235118df3?s=96&d=mm&r=g","height":96,"width":96}},"publisher":{"@type":"Organization","name":"deamadre.cz","logo":{"@type":"ImageObject","@id":"\/logo.png","url":"\/logo.png","width":600,"height":60}},"image":{"@type":"ImageObject","@id":"https:\/\/www.deamadre.cz\/wp-content\/uploads\/paper-3186194_640.jpg","url":"https:\/\/www.deamadre.cz\/wp-content\/uploads\/paper-3186194_640.jpg","height":0,"width":0},"keywords":null},{"@type":"Article","@id":"https:\/\/www.deamadre.cz\/s-viagrou-jde-vsechno-lip\/","headline":"S Viagrou jde v\u0161echno l\u00edp","url":"https:\/\/www.deamadre.cz\/s-viagrou-jde-vsechno-lip\/","datePublished":"2023-05-03","dateModified":"2024-05-28","mainEntityOfPage":"https:\/\/www.deamadre.cz\/s-viagrou-jde-vsechno-lip\/","author":{"@type":"Person","@id":"https:\/\/www.deamadre.cz\/author\/#Person","name":"deamadre.cz\n","url":"https:\/\/www.deamadre.cz\/author\/","identifier":1,"image":{"@type":"ImageObject","@id":"https:\/\/secure.gravatar.com\/avatar\/69bd9b72104e3ccfb6214cbd23cb226f96c6ecf33a2a351fa1d4682235118df3?s=96&d=mm&r=g","url":"https:\/\/secure.gravatar.com\/avatar\/69bd9b72104e3ccfb6214cbd23cb226f96c6ecf33a2a351fa1d4682235118df3?s=96&d=mm&r=g","height":96,"width":96}},"publisher":{"@type":"Organization","name":"deamadre.cz","logo":{"@type":"ImageObject","@id":"\/logo.png","url":"\/logo.png","width":600,"height":60}},"image":{"@type":"ImageObject","@id":"https:\/\/www.deamadre.cz\/wp-content\/uploads\/p1_6.jpg","url":"https:\/\/www.deamadre.cz\/wp-content\/uploads\/p1_6.jpg","height":0,"width":0},"keywords":null},{"@type":"Article","@id":"https:\/\/www.deamadre.cz\/k-cemu-se-vam-hodi-party-stan\/","headline":"K \u010demu se v\u00e1m hod\u00ed p\u00e1rty stan","url":"https:\/\/www.deamadre.cz\/k-cemu-se-vam-hodi-party-stan\/","datePublished":"2023-01-10","dateModified":"2024-04-10","mainEntityOfPage":"https:\/\/www.deamadre.cz\/k-cemu-se-vam-hodi-party-stan\/","author":{"@type":"Person","@id":"https:\/\/www.deamadre.cz\/author\/#Person","name":"deamadre.cz\n","url":"https:\/\/www.deamadre.cz\/author\/","identifier":1,"image":{"@type":"ImageObject","@id":"https:\/\/secure.gravatar.com\/avatar\/69bd9b72104e3ccfb6214cbd23cb226f96c6ecf33a2a351fa1d4682235118df3?s=96&d=mm&r=g","url":"https:\/\/secure.gravatar.com\/avatar\/69bd9b72104e3ccfb6214cbd23cb226f96c6ecf33a2a351fa1d4682235118df3?s=96&d=mm&r=g","height":96,"width":96}},"publisher":{"@type":"Organization","name":"deamadre.cz","logo":{"@type":"ImageObject","@id":"\/logo.png","url":"\/logo.png","width":600,"height":60}},"image":{"@type":"ImageObject","@id":"https:\/\/www.deamadre.cz\/wp-content\/uploads\/wedding-1070209_640.jpg","url":"https:\/\/www.deamadre.cz\/wp-content\/uploads\/wedding-1070209_640.jpg","height":0,"width":0},"keywords":null},{"@type":"Article","@id":"https:\/\/www.deamadre.cz\/je-seceni-travy-prospesne-pro-prirodu\/","headline":"Je se\u010den\u00ed tr\u00e1vy prosp\u011b\u0161n\u00e9 pro p\u0159\u00edrodu?","url":"https:\/\/www.deamadre.cz\/je-seceni-travy-prospesne-pro-prirodu\/","datePublished":"2022-12-25","dateModified":"2023-04-29","mainEntityOfPage":"https:\/\/www.deamadre.cz\/je-seceni-travy-prospesne-pro-prirodu\/","author":{"@type":"Person","@id":"https:\/\/www.deamadre.cz\/author\/#Person","name":"deamadre.cz\n","url":"https:\/\/www.deamadre.cz\/author\/","identifier":1,"image":{"@type":"ImageObject","@id":"https:\/\/secure.gravatar.com\/avatar\/69bd9b72104e3ccfb6214cbd23cb226f96c6ecf33a2a351fa1d4682235118df3?s=96&d=mm&r=g","url":"https:\/\/secure.gravatar.com\/avatar\/69bd9b72104e3ccfb6214cbd23cb226f96c6ecf33a2a351fa1d4682235118df3?s=96&d=mm&r=g","height":96,"width":96}},"publisher":{"@type":"Organization","name":"deamadre.cz","logo":{"@type":"ImageObject","@id":"\/logo.png","url":"\/logo.png","width":600,"height":60}},"image":{"@type":"ImageObject","@id":"https:\/\/www.deamadre.cz\/wp-content\/uploads\/sektravy3_4.jpg","url":"https:\/\/www.deamadre.cz\/wp-content\/uploads\/sektravy3_4.jpg","height":0,"width":0},"keywords":null},{"@type":"Article","@id":"https:\/\/www.deamadre.cz\/pujcovna-aut-v-praze-vas-zve-na-vylety-v-okoli-hlavniho-mesta\/","headline":"P\u016fj\u010dovna aut v Praze v\u00e1s zve na v\u00fdlety v okol\u00ed hlavn\u00edho m\u011bsta","url":"https:\/\/www.deamadre.cz\/pujcovna-aut-v-praze-vas-zve-na-vylety-v-okoli-hlavniho-mesta\/","datePublished":"2022-06-12","dateModified":"2023-04-29","mainEntityOfPage":"https:\/\/www.deamadre.cz\/pujcovna-aut-v-praze-vas-zve-na-vylety-v-okoli-hlavniho-mesta\/","author":{"@type":"Person","@id":"https:\/\/www.deamadre.cz\/author\/#Person","name":"deamadre.cz\n","url":"https:\/\/www.deamadre.cz\/author\/","identifier":1,"image":{"@type":"ImageObject","@id":"https:\/\/secure.gravatar.com\/avatar\/69bd9b72104e3ccfb6214cbd23cb226f96c6ecf33a2a351fa1d4682235118df3?s=96&d=mm&r=g","url":"https:\/\/secure.gravatar.com\/avatar\/69bd9b72104e3ccfb6214cbd23cb226f96c6ecf33a2a351fa1d4682235118df3?s=96&d=mm&r=g","height":96,"width":96}},"publisher":{"@type":"Organization","name":"deamadre.cz","logo":{"@type":"ImageObject","@id":"\/logo.png","url":"\/logo.png","width":600,"height":60}},"image":{"@type":"ImageObject","@id":"https:\/\/www.deamadre.cz\/wp-content\/uploads\/ibis-red-2461170_640.jpg","url":"https:\/\/www.deamadre.cz\/wp-content\/uploads\/ibis-red-2461170_640.jpg","height":0,"width":0},"keywords":null}]}