[{"@context":"https:\/\/schema.org\/","@type":"Article","@id":"https:\/\/www.deamadre.cz\/znakovani-s-detmi\/#Article","mainEntityOfPage":"https:\/\/www.deamadre.cz\/znakovani-s-detmi\/","headline":"Znakov\u00e1n\u00ed s d\u011btmi","name":"Znakov\u00e1n\u00ed s d\u011btmi","description":"A\u010dkoliv my dosp\u011bl\u00ed bereme vyjad\u0159ov\u00e1n\u00ed slovy za samoz\u0159ejmost, pro d\u011bti je nau\u010dit se mluvit velmi t\u011b\u017ek\u00fd \u00fakol. Jejich prvotn\u00ed formou vyjad\u0159ov\u00e1n\u00ed je pl\u00e1\u010d, kter\u00fdm d\u00e1v\u00e1 d\u00edt\u011b u\u017e od narozen\u00ed najevo, kdy\u017e je n\u011bco v\u00a0nepo\u0159\u00e1dku. D\u00edt\u011b pl\u00e1\u010de, proto\u017ee ho n\u011bco bol\u00ed, proto\u017ee m\u00e1 hlad, nud\u00ed se, je unaven\u00e9 nebo z\u00a0V\u00e1s c\u00edt\u00ed stres, kter\u00fd se na n\u011bj [&hellip;]","datePublished":"2025-03-06","dateModified":"2023-04-29","author":{"@type":"Person","@id":"https:\/\/www.deamadre.cz\/author\/#Person","name":"deamadre.cz\n","url":"https:\/\/www.deamadre.cz\/author\/","identifier":1,"image":{"@type":"ImageObject","@id":"https:\/\/secure.gravatar.com\/avatar\/69bd9b72104e3ccfb6214cbd23cb226f96c6ecf33a2a351fa1d4682235118df3?s=96&d=mm&r=g","url":"https:\/\/secure.gravatar.com\/avatar\/69bd9b72104e3ccfb6214cbd23cb226f96c6ecf33a2a351fa1d4682235118df3?s=96&d=mm&r=g","height":96,"width":96}},"publisher":{"@type":"Organization","name":"deamadre.cz","logo":{"@type":"ImageObject","@id":"\/logo.png","url":"\/logo.png","width":600,"height":60}},"image":{"@type":"ImageObject","@id":"https:\/\/www.deamadre.cz\/wp-content\/uploads\/img_a294943_w2330_t1506667634.jpg","url":"https:\/\/www.deamadre.cz\/wp-content\/uploads\/img_a294943_w2330_t1506667634.jpg","height":0,"width":0},"url":"https:\/\/www.deamadre.cz\/znakovani-s-detmi\/","about":["D\u011bti"],"wordCount":433,"articleBody":"A\u010dkoliv my dosp\u011bl\u00ed bereme vyjad\u0159ov\u00e1n\u00ed slovy za samoz\u0159ejmost, pro d\u011bti je nau\u010dit se mluvit velmi t\u011b\u017ek\u00fd \u00fakol. Jejich prvotn\u00ed formou vyjad\u0159ov\u00e1n\u00ed je pl\u00e1\u010d, kter\u00fdm d\u00e1v\u00e1 d\u00edt\u011b u\u017e od narozen\u00ed najevo, kdy\u017e je n\u011bco v\u00a0nepo\u0159\u00e1dku. D\u00edt\u011b pl\u00e1\u010de, proto\u017ee ho n\u011bco bol\u00ed, proto\u017ee m\u00e1 hlad, nud\u00ed se, je unaven\u00e9 nebo z\u00a0V\u00e1s c\u00edt\u00ed stres, kter\u00fd se na n\u011bj p\u0159en\u00e1\u0161\u00ed. Pozd\u011bji za\u010d\u00edn\u00e1 pou\u017e\u00edvat gesta, jako je zam\u00e1v\u00e1n\u00ed ru\u010di\u010dkou na znamen\u00ed lou\u010den\u00ed nebo nata\u017een\u00ed ru\u010di\u010dek sm\u011brem k\u00a0V\u00e1m, kdy\u017e se chce chovat \u010di p\u0159itulit.Vytv\u00e1\u0159en\u00ed gest je pro lidsk\u00e1 ml\u00e1\u010fata naprosto p\u0159irozenou formou komunikace, kterou ale s\u00a0trochou snahy m\u016f\u017eeme rozvinout v\u00a0komplexn\u00ed syst\u00e9m komunikace s\u00a0d\u00edt\u011btem, je\u0161t\u011b p\u0159ed t\u00edm, ne\u017e se nau\u010d\u00ed mluvit. U\u0161et\u0159\u00edme si mnoho h\u00e1d\u00e1n\u00ed a uva\u017eov\u00e1n\u00ed nad t\u00edm, co po n\u00e1s d\u00edt\u011b chce, nebo na co n\u00e1s upozor\u0148uje, proto\u017ee budeme p\u0159esn\u011b oba v\u011bd\u011bt, co dan\u00fd znak znamen\u00e1. T\u00edm se zbav\u00edme velk\u00e9ho mno\u017estv\u00ed stresu a m\u016f\u017eeme vytv\u00e1\u0159et v\u011bt\u0161\u00ed pohodu a p\u0159\u00edjemn\u011bj\u0161\u00ed vztah s\u00a0d\u00edt\u011btem.Pro nau\u010den\u00ed se znakov\u00e1n\u00ed s\u00a0d\u011btmi m\u016f\u017eete vyu\u017e\u00edt mnoh\u00fdch kurz\u016f, kter\u00e9 jsou po\u0159\u00e1d\u00e1ny i v\u00a0na\u0161\u00ed zemi, stejn\u011b jako po cel\u00e9m sv\u011bt\u011b. M\u016f\u017eete se p\u0159iu\u010dit i na r\u016fzn\u00fdch webech, a\u0165 u\u017e \u010desk\u00fdch \u010di zahrani\u010dn\u00edch.V\u00a0praxi to m\u016f\u017ee znamenat, \u017ee t\u0159eba p\u0159ilo\u017een\u00edm dlan\u011b k\u00a0uchu V\u00e1m d\u00edt\u011b d\u00e1 najevo, \u017ee chce j\u00edt sp\u00e1t. Uk\u00e1z\u00e1n\u00ed na \u00fasta zase m\u016f\u017ee znamenat, \u017ee d\u00edt\u011b m\u00e1 hlad. M\u016f\u017eete si vytvo\u0159it znaky jak pro jednotliv\u00e9 denn\u00ed \u010dinnosti, osoby v\u00a0okol\u00ed, pro zv\u00ed\u0159ata nebo p\u0159edm\u011bty.Na t\u00e9ma znakov\u00e1n\u00ed se vyjad\u0159uj\u00ed i mnoz\u00ed odborn\u00edci, kte\u0159\u00ed v\u00a0n\u011bm vid\u00ed potenci\u00e1l rychlej\u0161\u00edho rozvoje d\u011bt\u00ed v\u00a0r\u016fzn\u00fdch oblastech, a\u0165 jsou to pozn\u00e1vac\u00ed funkce, soci\u00e1ln\u00ed a komunika\u010dn\u00ed dovednosti nebo fyzick\u00fd v\u00fdvoj. Znakov\u00e1n\u00ed tak\u00e9 p\u0159ichyst\u00e1 d\u00edt\u011bti cestu ke slov\u016fm, proto\u017ee u\u017e pro jednotliv\u00e1 slova zn\u00e1 gesta, kter\u00e1 jen slovy nahrad\u00ed. Znakuj\u00edc\u00ed d\u011bti tak\u00e9 maj\u00ed daleko v\u011bt\u0161\u00ed slovn\u00ed z\u00e1sobu ne\u017e ty, kter\u00e9 komunikaci gesty nevyu\u017e\u00edvaly.                                                                                                                                                                                                                                                                                                                                                                                        3.9\/5 - (7 votes)        "},{"@context":"https:\/\/schema.org\/","@type":"BreadcrumbList","itemListElement":[{"@type":"ListItem","position":1,"name":"Znakov\u00e1n\u00ed s d\u011btmi","item":"https:\/\/www.deamadre.cz\/znakovani-s-detmi\/#breadcrumbitem"}]}]